{"id":1116,"date":"2025-12-07T18:05:22","date_gmt":"2025-12-07T18:05:22","guid":{"rendered":"https:\/\/udig.hr\/?p=1116"},"modified":"2025-12-07T18:09:00","modified_gmt":"2025-12-07T18:09:00","slug":"sveti-nikola-u-domu","status":"publish","type":"post","link":"https:\/\/udig.hr\/index.php\/2025\/12\/07\/sveti-nikola-u-domu\/","title":{"rendered":"SVETI NIKOLA U DOMU"},"content":{"rendered":"<p>Blagdan Svetog Nikole obilje\u017een je\u00a0 u na\u0161em Domu u \u010detvrtak 4.12.2025. prije odlaska na ve\u010dernji odmor.\u00a0 Veseli Nikola i krampusi\u0107i\u00a0 podijelili su u\u010denicima i studentima adventske kalendare, bombone i \u0161ibe. Sve to je nadgledala i organizirala odgajateljica Tajana koja je i nositeljica ove aktivnosti. Ugo\u0111aj je bio pravi blagdanski i svi su bili odu\u0161evljeni. Hvala na\u0161em biv\u0161em u\u010deniku\u00a0 Dorijanu\u00a0 Dravincu, koji je i ove godine, \u00a0uz sve svoje obveze do\u0161ao u Dom i bio sv. Nikola.<\/p>\n<p><img loading=\"lazy\" decoding=\"async\" class=\"alignnone  wp-image-1118\" src=\"https:\/\/udig.hr\/wp-content\/uploads\/2025\/12\/PHOTO-2025-12-04-23-04-31-845x684.jpg\" alt=\"\" width=\"554\" height=\"448\" srcset=\"https:\/\/udig.hr\/wp-content\/uploads\/2025\/12\/PHOTO-2025-12-04-23-04-31-845x684.jpg 845w, https:\/\/udig.hr\/wp-content\/uploads\/2025\/12\/PHOTO-2025-12-04-23-04-31-495x400.jpg 495w\" sizes=\"auto, (max-width: 554px) 100vw, 554px\" \/>\u00a0 \u00a0 <img loading=\"lazy\" decoding=\"async\" class=\"alignnone  wp-image-1117\" src=\"https:\/\/udig.hr\/wp-content\/uploads\/2025\/12\/PHOTO-2025-12-04-23-04-32-2-845x684.jpg\" alt=\"\" width=\"551\" height=\"446\" srcset=\"https:\/\/udig.hr\/wp-content\/uploads\/2025\/12\/PHOTO-2025-12-04-23-04-32-2-845x684.jpg 845w, https:\/\/udig.hr\/wp-content\/uploads\/2025\/12\/PHOTO-2025-12-04-23-04-32-2-495x400.jpg 495w\" sizes=\"auto, (max-width: 551px) 100vw, 551px\" \/><\/p>\n","protected":false},"excerpt":{"rendered":"<p>Blagdan Svetog Nikole obilje\u017een je\u00a0 u na\u0161em Domu u \u010detvrtak 4.12.2025. prije odlaska na ve\u010dernji odmor.\u00a0 Veseli Nikola i krampusi\u0107i\u00a0 podijelili su u\u010denicima i studentima adventske kalendare, bombone i \u0161ibe. Sve to je nadgledala i organizirala odgajateljica Tajana koja je i nositeljica ove aktivnosti. Ugo\u0111aj je bio pravi blagdanski i svi su bili odu\u0161evljeni. Hvala [&hellip;]<\/p>\n","protected":false},"author":1,"featured_media":1119,"comment_status":"closed","ping_status":"closed","sticky":false,"template":"","format":"standard","meta":{"footnotes":""},"categories":[2,3],"tags":[48,15],"class_list":["post-1116","post","type-post","status-publish","format-standard","has-post-thumbnail","hentry","category-novosti","category-obavijesti","tag-sveti-nikola-u-domu","tag-ucenicki-dom-ivanic-grad"],"_links":{"self":[{"href":"https:\/\/udig.hr\/index.php\/wp-json\/wp\/v2\/posts\/1116","targetHints":{"allow":["GET"]}}],"collection":[{"href":"https:\/\/udig.hr\/index.php\/wp-json\/wp\/v2\/posts"}],"about":[{"href":"https:\/\/udig.hr\/index.php\/wp-json\/wp\/v2\/types\/post"}],"author":[{"embeddable":true,"href":"https:\/\/udig.hr\/index.php\/wp-json\/wp\/v2\/users\/1"}],"replies":[{"embeddable":true,"href":"https:\/\/udig.hr\/index.php\/wp-json\/wp\/v2\/comments?post=1116"}],"version-history":[{"count":3,"href":"https:\/\/udig.hr\/index.php\/wp-json\/wp\/v2\/posts\/1116\/revisions"}],"predecessor-version":[{"id":1122,"href":"https:\/\/udig.hr\/index.php\/wp-json\/wp\/v2\/posts\/1116\/revisions\/1122"}],"wp:featuredmedia":[{"embeddable":true,"href":"https:\/\/udig.hr\/index.php\/wp-json\/wp\/v2\/media\/1119"}],"wp:attachment":[{"href":"https:\/\/udig.hr\/index.php\/wp-json\/wp\/v2\/media?parent=1116"}],"wp:term":[{"taxonomy":"category","embeddable":true,"href":"https:\/\/udig.hr\/index.php\/wp-json\/wp\/v2\/categories?post=1116"},{"taxonomy":"post_tag","embeddable":true,"href":"https:\/\/udig.hr\/index.php\/wp-json\/wp\/v2\/tags?post=1116"}],"curies":[{"name":"wp","href":"https:\/\/api.w.org\/{rel}","templated":true}]}}