{"id":1419,"date":"2026-03-13T17:38:22","date_gmt":"2026-03-13T17:38:22","guid":{"rendered":"https:\/\/udig.hr\/?p=1419"},"modified":"2026-03-14T12:15:31","modified_gmt":"2026-03-14T12:15:31","slug":"uspjeh-nasih-ucenica-i-ucenika-na-drzavnom-prvenstvu-u-rukometa-za-srednje-skole","status":"publish","type":"post","link":"https:\/\/udig.hr\/index.php\/2026\/03\/13\/uspjeh-nasih-ucenica-i-ucenika-na-drzavnom-prvenstvu-u-rukometa-za-srednje-skole\/","title":{"rendered":"USPJEH NA\u0160IH U\u010cENICA I U\u010cENIKA NA DR\u017dAVNOM PRVENSTVU U RUKOMETA ZA SREDNJE \u0160KOLE"},"content":{"rendered":"<p><img loading=\"lazy\" decoding=\"async\" class=\"alignnone size-medium wp-image-1431\" src=\"https:\/\/udig.hr\/wp-content\/uploads\/2026\/03\/Blue-Collage-Scuba-Diving-Promotion-Facebook-Post-300x251.png\" alt=\"\" width=\"300\" height=\"251\" srcset=\"https:\/\/udig.hr\/wp-content\/uploads\/2026\/03\/Blue-Collage-Scuba-Diving-Promotion-Facebook-Post-300x251.png 300w, https:\/\/udig.hr\/wp-content\/uploads\/2026\/03\/Blue-Collage-Scuba-Diving-Promotion-Facebook-Post-768x644.png 768w, https:\/\/udig.hr\/wp-content\/uploads\/2026\/03\/Blue-Collage-Scuba-Diving-Promotion-Facebook-Post-705x591.png 705w, https:\/\/udig.hr\/wp-content\/uploads\/2026\/03\/Blue-Collage-Scuba-Diving-Promotion-Facebook-Post.png 940w\" sizes=\"auto, (max-width: 300px) 100vw, 300px\" \/> <img loading=\"lazy\" decoding=\"async\" class=\"alignnone size-medium wp-image-1424\" src=\"https:\/\/udig.hr\/wp-content\/uploads\/2026\/03\/52aa48d5-2660-458a-8193-355c453ec4ea-300x169.jpg\" alt=\"\" width=\"300\" height=\"169\" srcset=\"https:\/\/udig.hr\/wp-content\/uploads\/2026\/03\/52aa48d5-2660-458a-8193-355c453ec4ea-300x169.jpg 300w, https:\/\/udig.hr\/wp-content\/uploads\/2026\/03\/52aa48d5-2660-458a-8193-355c453ec4ea.jpg 640w\" sizes=\"auto, (max-width: 300px) 100vw, 300px\" \/> <img loading=\"lazy\" decoding=\"async\" class=\"alignnone size-medium wp-image-1422\" src=\"https:\/\/udig.hr\/wp-content\/uploads\/2026\/03\/1ba31a40-a245-4092-a1c2-33b95946c5b4-1-1-300x169.jpg\" alt=\"\" width=\"300\" height=\"169\" srcset=\"https:\/\/udig.hr\/wp-content\/uploads\/2026\/03\/1ba31a40-a245-4092-a1c2-33b95946c5b4-1-1-300x169.jpg 300w, https:\/\/udig.hr\/wp-content\/uploads\/2026\/03\/1ba31a40-a245-4092-a1c2-33b95946c5b4-1-1.jpg 640w\" sizes=\"auto, (max-width: 300px) 100vw, 300px\" \/><img loading=\"lazy\" decoding=\"async\" class=\"alignnone size-medium wp-image-1423\" src=\"https:\/\/udig.hr\/wp-content\/uploads\/2026\/03\/5dfd79f8-250f-4c0e-af5a-10bd3e984eb8-1-1-300x169.jpg\" alt=\"\" width=\"300\" height=\"169\" srcset=\"https:\/\/udig.hr\/wp-content\/uploads\/2026\/03\/5dfd79f8-250f-4c0e-af5a-10bd3e984eb8-1-1-300x169.jpg 300w, https:\/\/udig.hr\/wp-content\/uploads\/2026\/03\/5dfd79f8-250f-4c0e-af5a-10bd3e984eb8-1-1.jpg 640w\" sizes=\"auto, (max-width: 300px) 100vw, 300px\" \/><\/p>\n<p>\u010cestitke na\u0161im u\u010denicima \u0160andoru Budemcu, Karlu Kempfu i Davidu Vaceku na osvojenom 1. mjestu te Anamriji Bari\u0107 i Dunji Nori na osvojenom 3. mjestu. Izvrsne rezultate ostvarili su sa svojim ekipama iz S\u0160 Ivan \u0160vear na Dr\u017eavnom prvenstvu u rukometu za srednje \u0161kole. Ponosni smo na sve njih i sretni \u0161to su u\u010denici na\u0161eg Doma.<\/p>\n","protected":false},"excerpt":{"rendered":"<p>\u010cestitke na\u0161im u\u010denicima \u0160andoru Budemcu, Karlu Kempfu i Davidu Vaceku na osvojenom 1. mjestu te Anamriji Bari\u0107 i Dunji Nori na osvojenom 3. mjestu. Izvrsne rezultate ostvarili su sa svojim ekipama iz S\u0160 Ivan \u0160vear na Dr\u017eavnom prvenstvu u rukometu za srednje \u0161kole. Ponosni smo na sve njih i sretni \u0161to su u\u010denici na\u0161eg Doma.<\/p>\n","protected":false},"author":1,"featured_media":1431,"comment_status":"closed","ping_status":"closed","sticky":false,"template":"","format":"standard","meta":{"footnotes":""},"categories":[2,3],"tags":[15,55],"class_list":["post-1419","post","type-post","status-publish","format-standard","has-post-thumbnail","hentry","category-novosti","category-obavijesti","tag-ucenicki-dom-ivanic-grad","tag-uspjeh-nasih-ucenica-i-ucenika"],"_links":{"self":[{"href":"https:\/\/udig.hr\/index.php\/wp-json\/wp\/v2\/posts\/1419","targetHints":{"allow":["GET"]}}],"collection":[{"href":"https:\/\/udig.hr\/index.php\/wp-json\/wp\/v2\/posts"}],"about":[{"href":"https:\/\/udig.hr\/index.php\/wp-json\/wp\/v2\/types\/post"}],"author":[{"embeddable":true,"href":"https:\/\/udig.hr\/index.php\/wp-json\/wp\/v2\/users\/1"}],"replies":[{"embeddable":true,"href":"https:\/\/udig.hr\/index.php\/wp-json\/wp\/v2\/comments?post=1419"}],"version-history":[{"count":4,"href":"https:\/\/udig.hr\/index.php\/wp-json\/wp\/v2\/posts\/1419\/revisions"}],"predecessor-version":[{"id":1432,"href":"https:\/\/udig.hr\/index.php\/wp-json\/wp\/v2\/posts\/1419\/revisions\/1432"}],"wp:featuredmedia":[{"embeddable":true,"href":"https:\/\/udig.hr\/index.php\/wp-json\/wp\/v2\/media\/1431"}],"wp:attachment":[{"href":"https:\/\/udig.hr\/index.php\/wp-json\/wp\/v2\/media?parent=1419"}],"wp:term":[{"taxonomy":"category","embeddable":true,"href":"https:\/\/udig.hr\/index.php\/wp-json\/wp\/v2\/categories?post=1419"},{"taxonomy":"post_tag","embeddable":true,"href":"https:\/\/udig.hr\/index.php\/wp-json\/wp\/v2\/tags?post=1419"}],"curies":[{"name":"wp","href":"https:\/\/api.w.org\/{rel}","templated":true}]}}